{"id":1105,"date":"2026-04-10T18:22:52","date_gmt":"2026-04-10T16:22:52","guid":{"rendered":"https:\/\/www.vignevasion-provence.com\/?p=1105"},"modified":"2026-03-25T18:42:27","modified_gmt":"2026-03-25T17:42:27","slug":"organisation-de-seminaire-entreprise-2","status":"publish","type":"post","link":"https:\/\/www.vignevasion-provence.com\/en\/organisation-de-seminaire-entreprise-2\/","title":{"rendered":"Organisation de s\u00e9minaire d\u2019entreprise : le guide complet pour un \u00e9v\u00e9nement professionnel r\u00e9ussi"},"content":{"rendered":"<p><span style=\"font-weight: 400;\">L\u2019<\/span><b>organisation de s\u00e9minaire d\u2019entreprise<\/b><span style=\"font-weight: 400;\"> est devenue un levier strat\u00e9gique incontournable pour f\u00e9d\u00e9rer les \u00e9quipes, aligner les visions et renforcer la performance collective. Bien pens\u00e9, un s\u00e9minaire ne se limite pas \u00e0 une succession de r\u00e9unions : il cr\u00e9e une exp\u00e9rience humaine forte, porteuse de sens, d\u2019engagement et de r\u00e9sultats durables.<\/span><\/p>\n<p><span style=\"font-weight: 400;\">Objectifs, format, lieu, logistique, animations\u2026 La r\u00e9ussite d\u2019une <\/span><b>organisation de s\u00e9minaire d\u2019entreprise<\/b><span style=\"font-weight: 400;\"> repose sur une m\u00e9thode rigoureuse et une approche globale. Dans cet article, d\u00e9couvrez toutes les \u00e9tapes cl\u00e9s pour concevoir un s\u00e9minaire efficace, inspirant et parfaitement align\u00e9 avec les enjeux de votre entreprise.<\/span><\/p>\n<h2><b>Pourquoi l\u2019organisation d\u2019un s\u00e9minaire d\u2019entreprise est-elle strat\u00e9gique ?<\/b><\/h2>\n<h3><b>Un outil puissant de coh\u00e9sion et de motivation<\/b><\/h3>\n<p><span style=\"font-weight: 400;\">Dans un contexte professionnel marqu\u00e9 par le t\u00e9l\u00e9travail, la transformation des organisations et la qu\u00eate de sens, le s\u00e9minaire d\u2019entreprise joue un r\u00f4le central. Une <\/span><b>organisation de s\u00e9minaire d\u2019entreprise<\/b><span style=\"font-weight: 400;\"> r\u00e9ussie permet de :<\/span><\/p>\n<ul>\n<li style=\"font-weight: 400;\" aria-level=\"1\"><span style=\"font-weight: 400;\">Renforcer la coh\u00e9sion d\u2019\u00e9quipe<\/span><\/li>\n<li style=\"font-weight: 400;\" aria-level=\"1\"><span style=\"font-weight: 400;\">Cr\u00e9er ou recr\u00e9er du lien humain<\/span><\/li>\n<li style=\"font-weight: 400;\" aria-level=\"1\"><span style=\"font-weight: 400;\">Mobiliser autour d\u2019un projet commun<\/span><\/li>\n<li style=\"font-weight: 400;\" aria-level=\"1\"><span style=\"font-weight: 400;\">Donner de la visibilit\u00e9 sur la strat\u00e9gie<\/span><\/li>\n<li style=\"font-weight: 400;\" aria-level=\"1\"><span style=\"font-weight: 400;\">Valoriser les collaborateurs<\/span><\/li>\n<\/ul>\n<p><span style=\"font-weight: 400;\">C\u2019est un temps de respiration collective, loin du quotidien op\u00e9rationnel, o\u00f9 l\u2019on se parle autrement. Ce simple changement de cadre peut d\u00e9j\u00e0 d\u00e9verrouiller des tensions, remettre du mouvement et relancer la motivation.<\/span><\/p>\n<h3><b>Un levier de performance durable<\/b><\/h3>\n<p><span style=\"font-weight: 400;\">En sortant du cadre habituel, les collaborateurs gagnent en recul, en cr\u00e9ativit\u00e9 et en capacit\u00e9 d\u2019\u00e9change. Un s\u00e9minaire bien con\u00e7u devient un acc\u00e9l\u00e9rateur de d\u00e9cisions, d\u2019innovation et d\u2019engagement \u2014 \u00e0 condition que l\u2019<\/span><b>organisation de s\u00e9minaire d\u2019entreprise<\/b><span style=\"font-weight: 400;\"> soit structur\u00e9e, rythm\u00e9e et orient\u00e9e vers des objectifs concrets.<\/span><\/p>\n<p><img fetchpriority=\"high\" decoding=\"async\" class=\"alignnone size-full wp-image-1108\" src=\"https:\/\/www.vignevasion-provence.com\/wp-content\/uploads\/2026\/03\/BLOG-2026-4-1.jpeg\" alt=\"\" width=\"800\" height=\"450\" srcset=\"https:\/\/www.vignevasion-provence.com\/wp-content\/uploads\/2026\/03\/BLOG-2026-4-1.jpeg 800w, https:\/\/www.vignevasion-provence.com\/wp-content\/uploads\/2026\/03\/BLOG-2026-4-1-300x169.jpeg 300w, https:\/\/www.vignevasion-provence.com\/wp-content\/uploads\/2026\/03\/BLOG-2026-4-1-768x432.jpeg 768w, https:\/\/www.vignevasion-provence.com\/wp-content\/uploads\/2026\/03\/BLOG-2026-4-1-18x10.jpeg 18w\" sizes=\"(max-width: 800px) 100vw, 800px\" \/><\/p>\n<h2><b>Les \u00e9tapes cl\u00e9s de l\u2019organisation d\u2019un s\u00e9minaire d\u2019entreprise<\/b><\/h2>\n<h3><b>1. D\u00e9finir des objectifs clairs et mesurables<\/b><\/h3>\n<p><span style=\"font-weight: 400;\">Toute <\/span><b>organisation de s\u00e9minaire d\u2019entreprise<\/b><span style=\"font-weight: 400;\"> commence par une question essentielle : <\/span><b>pourquoi<\/b><span style=\"font-weight: 400;\"> organiser ce s\u00e9minaire ? Les objectifs peuvent \u00eatre multiples :<\/span><\/p>\n<ul>\n<li style=\"font-weight: 400;\" aria-level=\"1\"><span style=\"font-weight: 400;\">S\u00e9minaire strat\u00e9gique (cap, vision, priorit\u00e9s)<\/span><\/li>\n<li style=\"font-weight: 400;\" aria-level=\"1\"><span style=\"font-weight: 400;\">S\u00e9minaire de coh\u00e9sion (resserrer les liens, mieux se conna\u00eetre)<\/span><\/li>\n<li style=\"font-weight: 400;\" aria-level=\"1\"><span style=\"font-weight: 400;\">S\u00e9minaire de formation (mont\u00e9e en comp\u00e9tences)<\/span><\/li>\n<li style=\"font-weight: 400;\" aria-level=\"1\"><span style=\"font-weight: 400;\">S\u00e9minaire de direction (alignement, arbitrages)<\/span><\/li>\n<li style=\"font-weight: 400;\" aria-level=\"1\"><span style=\"font-weight: 400;\">S\u00e9minaire incentive (r\u00e9compenser, remercier, relancer l\u2019\u00e9lan)<\/span><\/li>\n<\/ul>\n<p><span style=\"font-weight: 400;\">Des objectifs clairement d\u00e9finis orientent l\u2019ensemble des d\u00e9cisions : format, dur\u00e9e, lieu, programme et activit\u00e9s. Pour vous aider \u00e0 clarifier vos besoins, vous pouvez utiliser le mini diagnostic : https:\/\/www.vignevasion-provence.com\/diagnostic-gratuit\/<\/span><\/p>\n<p><span style=\"font-weight: 400;\">Conseil pratique : formulez 2 \u00e0 3 objectifs maximum, puis associez \u00e0 chacun un indicateur simple (ex. \u201c\u00e0 l\u2019issue du s\u00e9minaire, les \u00e9quipes repartent avec 3 priorit\u00e9s communes\u201d, \u201c100% des participants ont pris la parole au moins une fois lors des ateliers\u201d).<\/span><\/p>\n<h3><b>2. Choisir le format de s\u00e9minaire adapt\u00e9<\/b><\/h3>\n<p><span style=\"font-weight: 400;\">Le format doit \u00eatre en ad\u00e9quation avec vos objectifs et le profil des participants. Dans une <\/span><b>organisation de s\u00e9minaire d\u2019entreprise<\/b><span style=\"font-weight: 400;\">, ces formats reviennent souvent :<\/span><\/p>\n<ul>\n<li style=\"font-weight: 400;\" aria-level=\"1\"><b>S\u00e9minaire r\u00e9sidentiel<\/b><span style=\"font-weight: 400;\"> : immersion totale, id\u00e9al pour la coh\u00e9sion et la strat\u00e9gie<\/span><\/li>\n<li style=\"font-weight: 400;\" aria-level=\"1\"><b>Journ\u00e9e d\u2019\u00e9tude<\/b><span style=\"font-weight: 400;\"> : efficacit\u00e9 et concentration sur un temps court<\/span><\/li>\n<li style=\"font-weight: 400;\" aria-level=\"1\"><b>S\u00e9minaire incentive<\/b><span style=\"font-weight: 400;\"> : motivation, r\u00e9compense et engagement<\/span><\/li>\n<li style=\"font-weight: 400;\" aria-level=\"1\"><b>S\u00e9minaire hybride<\/b><span style=\"font-weight: 400;\"> : \u00e9quilibre entre travail et exp\u00e9rience collective<\/span><\/li>\n<\/ul>\n<p><span style=\"font-weight: 400;\">La cl\u00e9 : trouver le bon dosage entre temps \u201cutiles\u201d (ateliers, d\u00e9cisions, formation) et temps \u201cvivants\u201d (partage, respiration, convivialit\u00e9). Une bonne <\/span><b>organisation de s\u00e9minaire d\u2019entreprise<\/b><span style=\"font-weight: 400;\"> ne remplit pas, elle orchestre.<\/span><\/p>\n<h3><b>3. S\u00e9lectionner un lieu porteur de sens<\/b><\/h3>\n<p><span style=\"font-weight: 400;\">Le choix du lieu est un pilier fondamental de l\u2019<\/span><b>organisation de s\u00e9minaire d\u2019entreprise<\/b><span style=\"font-weight: 400;\">. Il influence directement l\u2019\u00e9tat d\u2019esprit des participants. Un lieu pertinent doit offrir :<\/span><\/p>\n<ul>\n<li style=\"font-weight: 400;\" aria-level=\"1\"><span style=\"font-weight: 400;\">Des espaces de travail fonctionnels et \u00e9quip\u00e9s<\/span><\/li>\n<li style=\"font-weight: 400;\" aria-level=\"1\"><span style=\"font-weight: 400;\">Un cadre propice \u00e0 la d\u00e9connexion<\/span><\/li>\n<li style=\"font-weight: 400;\" aria-level=\"1\"><span style=\"font-weight: 400;\">Une atmosph\u00e8re en coh\u00e9rence avec vos valeurs<\/span><\/li>\n<li style=\"font-weight: 400;\" aria-level=\"1\"><span style=\"font-weight: 400;\">Une accessibilit\u00e9 r\u00e9aliste (train, route, transferts)<\/span><\/li>\n<\/ul>\n<p><span style=\"font-weight: 400;\">De nombreuses entreprises optent aujourd\u2019hui pour des destinations qui bousculent les codes et ouvrent \u00e0 la cr\u00e9ativit\u00e9. La Provence, par exemple, offre un cadre id\u00e9al pour conjuguer travail, nature et art de vivre : un <\/span><b>s\u00e9minaire Provence<\/b><span style=\"font-weight: 400;\"> peut se vivre entre domaines, garrigue, villages, mer et tables gourmandes.<\/span><\/p>\n<p><span style=\"font-weight: 400;\">Autour d\u2019Aix-en-Provence, Marseille, Cassis, le Luberon ou les Alpilles, vous trouvez des lieux vari\u00e9s : mas au vert, bastides confidentielles, domaines viticoles, ou spots en bord de mer. Cette diversit\u00e9 aide \u00e0 cr\u00e9er un s\u00e9minaire qui ressemble vraiment \u00e0 votre entreprise \u2014 et non un copier-coller.<\/span><\/p>\n<h3><b>4. Construire un programme \u00e9quilibr\u00e9 et fluide<\/b><\/h3>\n<p><span style=\"font-weight: 400;\">Une <\/span><b>organisation de s\u00e9minaire d\u2019entreprise<\/b><span style=\"font-weight: 400;\"> r\u00e9ussie repose sur un programme bien rythm\u00e9 :<\/span><\/p>\n<ul>\n<li style=\"font-weight: 400;\" aria-level=\"1\"><span style=\"font-weight: 400;\">S\u00e9quences de travail structur\u00e9es<\/span><\/li>\n<li style=\"font-weight: 400;\" aria-level=\"1\"><span style=\"font-weight: 400;\">Temps d\u2019\u00e9change et d\u2019intelligence collective<\/span><\/li>\n<li style=\"font-weight: 400;\" aria-level=\"1\"><span style=\"font-weight: 400;\">Pauses r\u00e9guli\u00e8res (qui ne sautent pas)<\/span><\/li>\n<li style=\"font-weight: 400;\" aria-level=\"1\"><span style=\"font-weight: 400;\">Moments de convivialit\u00e9 et temps libre pour les \u00e9changes informels<\/span><\/li>\n<\/ul>\n<p><span style=\"font-weight: 400;\">L\u2019objectif n\u2019est pas d\u2019empiler des activit\u00e9s, mais de cr\u00e9er une dynamique. Un programme fluide laisse de la place au \u201chors agenda\u201d, l\u00e0 o\u00f9 se construit souvent la confiance : une discussion pendant une marche, un d\u00e9jeuner qui se prolonge, un moment partag\u00e9 en fin de journ\u00e9e.<\/span><\/p>\n<p><img decoding=\"async\" class=\"alignnone size-full wp-image-1107\" src=\"https:\/\/www.vignevasion-provence.com\/wp-content\/uploads\/2026\/03\/BLOG-2026-4-4.jpg\" alt=\"\" width=\"800\" height=\"600\" srcset=\"https:\/\/www.vignevasion-provence.com\/wp-content\/uploads\/2026\/03\/BLOG-2026-4-4.jpg 800w, https:\/\/www.vignevasion-provence.com\/wp-content\/uploads\/2026\/03\/BLOG-2026-4-4-300x225.jpg 300w, https:\/\/www.vignevasion-provence.com\/wp-content\/uploads\/2026\/03\/BLOG-2026-4-4-768x576.jpg 768w, https:\/\/www.vignevasion-provence.com\/wp-content\/uploads\/2026\/03\/BLOG-2026-4-4-16x12.jpg 16w\" sizes=\"(max-width: 800px) 100vw, 800px\" \/><\/p>\n<h2><b>Le r\u00f4le cl\u00e9 des activit\u00e9s dans l\u2019organisation d\u2019un s\u00e9minaire d\u2019entreprise<\/b><\/h2>\n<h3><b>Team building : renforcer les liens durablement<\/b><\/h3>\n<p><span style=\"font-weight: 400;\">Les activit\u00e9s de <\/span><b>team building<\/b><span style=\"font-weight: 400;\"> sont devenues incontournables dans toute <\/span><b>organisation de s\u00e9minaire d\u2019entreprise<\/b><span style=\"font-weight: 400;\">. Elles permettent de :<\/span><\/p>\n<ul>\n<li style=\"font-weight: 400;\" aria-level=\"1\"><span style=\"font-weight: 400;\">D\u00e9velopper la coop\u00e9ration<\/span><\/li>\n<li style=\"font-weight: 400;\" aria-level=\"1\"><span style=\"font-weight: 400;\">Am\u00e9liorer la communication<\/span><\/li>\n<li style=\"font-weight: 400;\" aria-level=\"1\"><span style=\"font-weight: 400;\">F\u00e9d\u00e9rer autour de valeurs communes<\/span><\/li>\n<li style=\"font-weight: 400;\" aria-level=\"1\"><span style=\"font-weight: 400;\">Cr\u00e9er des souvenirs partag\u00e9s<\/span><\/li>\n<\/ul>\n<p><span style=\"font-weight: 400;\">Ateliers collaboratifs, d\u00e9fis d\u2019\u00e9quipe, exp\u00e9riences sensorielles, activit\u00e9s en pleine nature\u2026 Le choix doit \u00eatre coh\u00e9rent avec la culture de l\u2019entreprise. Une \u00e9quipe tr\u00e8s op\u00e9rationnelle adorera un challenge terrain ; une \u00e9quipe cr\u00e9ative pourra pr\u00e9f\u00e9rer un atelier de co-cr\u00e9ation.<\/span><\/p>\n<p><span style=\"font-weight: 400;\">Exemples concrets souvent pl\u00e9biscit\u00e9s en PACA :<\/span><\/p>\n<ul>\n<li style=\"font-weight: 400;\" aria-level=\"1\"><b>Team building Provence<\/b><span style=\"font-weight: 400;\"> en ext\u00e9rieur : challenge d\u2019orientation, olympiades \u00e9l\u00e9gantes, rallye nature<\/span><\/li>\n<li style=\"font-weight: 400;\" aria-level=\"1\"><b>Team building vin<\/b><span style=\"font-weight: 400;\"> : atelier assemblage, d\u00e9gustation collaborative, d\u00e9couverte d\u2019un domaine et d\u00e9fis par \u00e9quipes<\/span><\/li>\n<li style=\"font-weight: 400;\" aria-level=\"1\"><b>Escape game pour entreprise<\/b><span style=\"font-weight: 400;\"> : sc\u00e9nario immersif, r\u00e9solution d\u2019\u00e9nigmes, coop\u00e9ration sous contrainte de temps<\/span><\/li>\n<li style=\"font-weight: 400;\" aria-level=\"1\"><b>Escape game teambuilding<\/b><span style=\"font-weight: 400;\"> en version nomade : dans un mas, un domaine ou m\u00eame au sein du lieu de s\u00e9minaire<\/span><\/li>\n<\/ul>\n<p><span style=\"font-weight: 400;\">Chez Vign\u00e9vasion, l\u2019angle reste le m\u00eame : cr\u00e9er une activit\u00e9 qui a du sens pour vos \u00e9quipes, qui inclut tout le monde, et qui s\u2019int\u00e8gre naturellement au fil de votre \u00e9v\u00e9nement.<\/span><\/p>\n<h3><b>Miser sur l\u2019authenticit\u00e9 et l\u2019exp\u00e9rience<\/b><\/h3>\n<p><span style=\"font-weight: 400;\">Int\u00e9grer des activit\u00e9s li\u00e9es au terroir, \u00e0 la gastronomie ou \u00e0 la nature renforce l\u2019impact \u00e9motionnel du s\u00e9minaire. Cette dimension \u201cv\u00e9cue\u201d donne du relief : on n\u2019assiste pas, on participe. Dans une <\/span><b>organisation de s\u00e9minaire d\u2019entreprise<\/b><span style=\"font-weight: 400;\">, ce sont souvent ces moments qui restent, et qui deviennent ensuite des rep\u00e8res communs dans la vie de l\u2019\u00e9quipe.<\/span><\/p>\n<p><span style=\"font-weight: 400;\">Une mise en situation simple : un comit\u00e9 de direction passe la journ\u00e9e sur la strat\u00e9gie, puis termine par une exp\u00e9rience en vignoble. Le changement d\u2019ambiance fait tomber les barri\u00e8res, les \u00e9changes se prolongent autrement, et les d\u00e9cisions prises plus t\u00f4t s\u2019ancrent dans une m\u00e9moire positive.<\/span><\/p>\n<h2><b>La logistique : fondation invisible de l\u2019organisation<\/b><\/h2>\n<p><span style=\"font-weight: 400;\">La logistique est souvent sous-estim\u00e9e, alors qu\u2019elle est essentielle \u00e0 la r\u00e9ussite de l\u2019<\/span><b>organisation de s\u00e9minaire d\u2019entreprise<\/b><span style=\"font-weight: 400;\">. Elle comprend :<\/span><\/p>\n<ul>\n<li style=\"font-weight: 400;\" aria-level=\"1\"><span style=\"font-weight: 400;\">La gestion des transports et transferts<\/span><\/li>\n<li style=\"font-weight: 400;\" aria-level=\"1\"><span style=\"font-weight: 400;\">L\u2019h\u00e9bergement (check-in, cat\u00e9gories de chambres, contraintes)<\/span><\/li>\n<li style=\"font-weight: 400;\" aria-level=\"1\"><span style=\"font-weight: 400;\">La restauration (rythme, r\u00e9gimes alimentaires, qualit\u00e9)<\/span><\/li>\n<li style=\"font-weight: 400;\" aria-level=\"1\"><span style=\"font-weight: 400;\">Les \u00e9quipements techniques (son, vid\u00e9o, wifi, paperboard)<\/span><\/li>\n<li style=\"font-weight: 400;\" aria-level=\"1\"><span style=\"font-weight: 400;\">La coordination des prestataires<\/span><\/li>\n<\/ul>\n<p><span style=\"font-weight: 400;\">Une logistique fluide garantit le confort des participants et permet de se concentrer pleinement sur les objectifs du s\u00e9minaire. \u00c0 l\u2019inverse, une s\u00e9rie de \u201cpetits grains de sable\u201d (retard, salle mal configur\u00e9e, repas trop long, micro qui ne fonctionne pas) suffit \u00e0 casser l\u2019\u00e9nergie.<\/span><\/p>\n<h3><b>Checklist pratique \u00e0 ne pas oublier<\/b><\/h3>\n<ul>\n<li style=\"font-weight: 400;\" aria-level=\"1\"><span style=\"font-weight: 400;\">Plan d\u2019acc\u00e8s + horaires r\u00e9alistes + marge pour les impr\u00e9vus<\/span><\/li>\n<li style=\"font-weight: 400;\" aria-level=\"1\"><span style=\"font-weight: 400;\">Brief pr\u00e9cis des intervenants et prestataires<\/span><\/li>\n<li style=\"font-weight: 400;\" aria-level=\"1\"><span style=\"font-weight: 400;\">Plan B m\u00e9t\u00e9o si activit\u00e9 en ext\u00e9rieur<\/span><\/li>\n<li style=\"font-weight: 400;\" aria-level=\"1\"><span style=\"font-weight: 400;\">Gestion des allergies, r\u00e9gimes, contraintes m\u00e9dicales<\/span><\/li>\n<li style=\"font-weight: 400;\" aria-level=\"1\"><span style=\"font-weight: 400;\">R\u00e9partition des chambres et modalit\u00e9s d\u2019arriv\u00e9e\/d\u00e9part<\/span><\/li>\n<li style=\"font-weight: 400;\" aria-level=\"1\"><span style=\"font-weight: 400;\">Une personne r\u00e9f\u00e9rente le jour J (d\u00e9cisions rapides)<\/span><\/li>\n<\/ul>\n<h2><b>Organisation de s\u00e9minaire entreprise : internaliser ou d\u00e9l\u00e9guer ?<\/b><\/h2>\n<h3><b>Les limites de l\u2019organisation en interne<\/b><\/h3>\n<p><span style=\"font-weight: 400;\">G\u00e9rer un s\u00e9minaire en interne peut rapidement devenir chronophage : recherche de lieux, comparatifs, n\u00e9gociations, coordination, gestion des impr\u00e9vus\u2026 Les risques d\u2019erreurs ou de surcharge sont r\u00e9els, surtout quand l\u2019\u00e9v\u00e9nement doit rester \u201cen plus\u201d d\u2019un poste d\u00e9j\u00e0 plein.<\/span><\/p>\n<p><span style=\"font-weight: 400;\">Et c\u2019est souvent l\u00e0 que la qualit\u00e9 baisse : on finit par choisir un lieu \u201cdisponible\u201d, une activit\u00e9 \u201cd\u00e9j\u00e0 vue\u201d, et on subit le programme au lieu de le piloter. L\u2019<\/span><b>organisation de s\u00e9minaire d\u2019entreprise<\/b><span style=\"font-weight: 400;\"> perd alors sa dimension strat\u00e9gique.<\/span><\/p>\n<h3><b>Les avantages d\u2019un accompagnement expert<\/b><\/h3>\n<p><span style=\"font-weight: 400;\">Confier l\u2019<\/span><b>organisation de s\u00e9minaire d\u2019entreprise<\/b><span style=\"font-weight: 400;\"> \u00e0 un sp\u00e9cialiste permet de :<\/span><\/p>\n<ul>\n<li style=\"font-weight: 400;\" aria-level=\"1\"><span style=\"font-weight: 400;\">Gagner du temps et de la s\u00e9r\u00e9nit\u00e9<\/span><\/li>\n<li style=\"font-weight: 400;\" aria-level=\"1\"><span style=\"font-weight: 400;\">Acc\u00e9der \u00e0 des lieux et partenaires qualifi\u00e9s<\/span><\/li>\n<li style=\"font-weight: 400;\" aria-level=\"1\"><span style=\"font-weight: 400;\">B\u00e9n\u00e9ficier d\u2019une vision globale (objectifs, rythme, exp\u00e9rience)<\/span><\/li>\n<li style=\"font-weight: 400;\" aria-level=\"1\"><span style=\"font-weight: 400;\">Offrir une exp\u00e9rience sur mesure et qualitative<\/span><\/li>\n<li style=\"font-weight: 400;\" aria-level=\"1\"><span style=\"font-weight: 400;\">S\u00e9curiser la logistique et la coordination le jour J<\/span><\/li>\n<\/ul>\n<p><span style=\"font-weight: 400;\">Chez Vign\u00e9vasion, chaque projet est pens\u00e9 comme un sc\u00e9nario : un fil conducteur coh\u00e9rent, un lieu qui raconte quelque chose, des temps forts m\u00e9morables, et une ex\u00e9cution fluide. L\u2019ancrage local en Provence (Aix-en-Provence, Marseille, Cassis, Luberon, Alpilles\u2026) permet d\u2019aller chercher les bons partenaires, au bon endroit, au bon moment.<\/span><\/p>\n<h2><b>Budget, timing et erreurs \u00e0 \u00e9viter<\/b><\/h2>\n<h3><b>Quand s\u2019y prendre pour une organisation de s\u00e9minaire d\u2019entreprise ?<\/b><\/h3>\n<p><span style=\"font-weight: 400;\">Id\u00e9alement, anticipez 3 \u00e0 6 mois. Certaines p\u00e9riodes (printemps, septembre-octobre) se remplissent vite, surtout sur les lieux recherch\u00e9s en Provence. Une <\/span><b>organisation de s\u00e9minaire d\u2019entreprise<\/b><span style=\"font-weight: 400;\"> anticip\u00e9e offre plus de choix, plus de marge, et souvent une meilleure coh\u00e9rence globale.<\/span><\/p>\n<h3><b>Construire un budget r\u00e9aliste (sans se perdre dans les d\u00e9tails)<\/b><\/h3>\n<p><span style=\"font-weight: 400;\">Sans parler \u201cprix\u201d, pensez en postes :<\/span><\/p>\n<ul>\n<li style=\"font-weight: 400;\" aria-level=\"1\"><span style=\"font-weight: 400;\">Lieu (location, salles, \u00e9quipements)<\/span><\/li>\n<li style=\"font-weight: 400;\" aria-level=\"1\"><span style=\"font-weight: 400;\">H\u00e9bergement (si r\u00e9sidentiel)<\/span><\/li>\n<li style=\"font-weight: 400;\" aria-level=\"1\"><span style=\"font-weight: 400;\">Restauration (pauses, d\u00e9jeuners, d\u00eener, soir\u00e9e entreprise)<\/span><\/li>\n<li style=\"font-weight: 400;\" aria-level=\"1\"><span style=\"font-weight: 400;\">Activit\u00e9s (team building, ateliers, intervenants)<\/span><\/li>\n<li style=\"font-weight: 400;\" aria-level=\"1\"><span style=\"font-weight: 400;\">Transports (transferts, navettes, parking)<\/span><\/li>\n<li style=\"font-weight: 400;\" aria-level=\"1\"><span style=\"font-weight: 400;\">Coordination (gestion de projet, pr\u00e9sence jour J)<\/span><\/li>\n<\/ul>\n<p><span style=\"font-weight: 400;\">Le bon budget est celui qui soutient vos objectifs. Si la coh\u00e9sion est centrale, il peut \u00eatre pertinent d\u2019investir davantage dans un temps fort collectif plut\u00f4t que dans une succession de petites animations.<\/span><\/p>\n<h3><b>Les erreurs fr\u00e9quentes (et comment les \u00e9viter)<\/b><\/h3>\n<ul>\n<li style=\"font-weight: 400;\" aria-level=\"1\"><b>Objectifs flous<\/b><span style=\"font-weight: 400;\"> : sans cap, le s\u00e9minaire se transforme en \u201cdeux jours sympas\u201d mais sans impact durable.<\/span><\/li>\n<li style=\"font-weight: 400;\" aria-level=\"1\"><b>Programme trop dense<\/b><span style=\"font-weight: 400;\"> : l\u2019\u00e9quipe subit, la fatigue monte, l\u2019attention chute.<\/span><\/li>\n<li style=\"font-weight: 400;\" aria-level=\"1\"><b>Activit\u00e9 d\u00e9connect\u00e9e de la culture<\/b><span style=\"font-weight: 400;\"> : le team building \u201ctombe \u00e0 c\u00f4t\u00e9\u201d et cr\u00e9e de la r\u00e9sistance.<\/span><\/li>\n<li style=\"font-weight: 400;\" aria-level=\"1\"><b>Logistique sous-estim\u00e9e<\/b><span style=\"font-weight: 400;\"> : retards, frustration, perte d\u2019\u00e9nergie.<\/span><\/li>\n<li style=\"font-weight: 400;\" aria-level=\"1\"><b>Pas de feedback<\/b><span style=\"font-weight: 400;\"> : vous perdez la possibilit\u00e9 d\u2019am\u00e9liorer et de capitaliser.<\/span><\/li>\n<li aria-level=\"1\"><img decoding=\"async\" class=\"alignnone size-full wp-image-1106\" src=\"https:\/\/www.vignevasion-provence.com\/wp-content\/uploads\/2026\/03\/BLOG-2026-4-3.jpg\" alt=\"\" width=\"800\" height=\"600\" srcset=\"https:\/\/www.vignevasion-provence.com\/wp-content\/uploads\/2026\/03\/BLOG-2026-4-3.jpg 800w, https:\/\/www.vignevasion-provence.com\/wp-content\/uploads\/2026\/03\/BLOG-2026-4-3-300x225.jpg 300w, https:\/\/www.vignevasion-provence.com\/wp-content\/uploads\/2026\/03\/BLOG-2026-4-3-768x576.jpg 768w, https:\/\/www.vignevasion-provence.com\/wp-content\/uploads\/2026\/03\/BLOG-2026-4-3-16x12.jpg 16w\" sizes=\"(max-width: 800px) 100vw, 800px\" \/><\/li>\n<\/ul>\n<h2><b>Bonnes pratiques pour une organisation de s\u00e9minaire d\u2019entreprise r\u00e9ussie<\/b><\/h2>\n<ul>\n<li style=\"font-weight: 400;\" aria-level=\"1\"><span style=\"font-weight: 400;\">Anticiper l\u2019<\/span><b>organisation de s\u00e9minaire d\u2019entreprise<\/b><span style=\"font-weight: 400;\"> (3 \u00e0 6 mois id\u00e9alement)<\/span><\/li>\n<li style=\"font-weight: 400;\" aria-level=\"1\"><span style=\"font-weight: 400;\">D\u00e9finir un budget r\u00e9aliste et des priorit\u00e9s<\/span><\/li>\n<li style=\"font-weight: 400;\" aria-level=\"1\"><span style=\"font-weight: 400;\">Impliquer les \u00e9quipes en amont (attentes, contraintes, id\u00e9es)<\/span><\/li>\n<li style=\"font-weight: 400;\" aria-level=\"1\"><span style=\"font-weight: 400;\">Privil\u00e9gier la qualit\u00e9 \u00e0 la quantit\u00e9<\/span><\/li>\n<li style=\"font-weight: 400;\" aria-level=\"1\"><span style=\"font-weight: 400;\">Pr\u00e9voir un temps de feedback post-s\u00e9minaire (\u00e0 chaud et \u00e0 froid)<\/span><\/li>\n<\/ul>\n<p><span style=\"font-weight: 400;\">Un bon r\u00e9flexe : cl\u00f4turez le s\u00e9minaire par une synth\u00e8se simple (d\u00e9cisions, prochaines \u00e9tapes, responsables) et un rituel positif (remerciements, photo d\u2019\u00e9quipe, moment convivial). Ce sont ces d\u00e9tails qui transforment l\u2019\u00e9v\u00e9nement en rep\u00e8re commun.<\/span><\/p>\n<h2><b>L\u2019organisation d\u2019un s\u00e9minaire d\u2019entreprise, un investissement strat\u00e9gique<\/b><\/h2>\n<p><span style=\"font-weight: 400;\">L\u2019<\/span><b>organisation de s\u00e9minaire d\u2019entreprise<\/b><span style=\"font-weight: 400;\"> est bien plus qu\u2019un \u00e9v\u00e9nement ponctuel : c\u2019est un investissement humain et strat\u00e9gique. Lorsqu\u2019elle est pens\u00e9e avec m\u00e9thode, sens et authenticit\u00e9, elle devient un levier puissant de coh\u00e9sion, de motivation et de performance durable.<\/span><\/p>\n<p><span style=\"font-weight: 400;\">Vous souhaitez cr\u00e9er un s\u00e9minaire sur mesure en Provence, fluide \u00e0 organiser et marquant pour vos \u00e9quipes ? Vign\u00e9vasion vous accompagne de la conception \u00e0 la coordination, pour transformer votre prochain s\u00e9minaire en v\u00e9ritable exp\u00e9rience collective. Contactez-nous pour en parler simplement.<\/span><\/p>","protected":false},"excerpt":{"rendered":"<p>L\u2019organisation de s\u00e9minaire d\u2019entreprise est devenue un levier strat\u00e9gique incontournable pour f\u00e9d\u00e9rer les \u00e9quipes, aligner les visions et renforcer la performance collective. Bien pens\u00e9, un s\u00e9minaire ne se limite pas \u00e0 une succession de r\u00e9unions : il cr\u00e9e une exp\u00e9rience humaine forte, porteuse de sens, d\u2019engagement et de r\u00e9sultats durables. Objectifs, format, lieu, logistique, animations\u2026 [&hellip;]<\/p>\n","protected":false},"author":1,"featured_media":1109,"comment_status":"closed","ping_status":"closed","sticky":false,"template":"","format":"standard","meta":{"footnotes":""},"categories":[18],"tags":[],"class_list":["post-1105","post","type-post","status-publish","format-standard","has-post-thumbnail","hentry","category-decouvrez-la-provence"],"_links":{"self":[{"href":"https:\/\/www.vignevasion-provence.com\/en\/wp-json\/wp\/v2\/posts\/1105","targetHints":{"allow":["GET"]}}],"collection":[{"href":"https:\/\/www.vignevasion-provence.com\/en\/wp-json\/wp\/v2\/posts"}],"about":[{"href":"https:\/\/www.vignevasion-provence.com\/en\/wp-json\/wp\/v2\/types\/post"}],"author":[{"embeddable":true,"href":"https:\/\/www.vignevasion-provence.com\/en\/wp-json\/wp\/v2\/users\/1"}],"replies":[{"embeddable":true,"href":"https:\/\/www.vignevasion-provence.com\/en\/wp-json\/wp\/v2\/comments?post=1105"}],"version-history":[{"count":0,"href":"https:\/\/www.vignevasion-provence.com\/en\/wp-json\/wp\/v2\/posts\/1105\/revisions"}],"wp:featuredmedia":[{"embeddable":true,"href":"https:\/\/www.vignevasion-provence.com\/en\/wp-json\/wp\/v2\/media\/1109"}],"wp:attachment":[{"href":"https:\/\/www.vignevasion-provence.com\/en\/wp-json\/wp\/v2\/media?parent=1105"}],"wp:term":[{"taxonomy":"category","embeddable":true,"href":"https:\/\/www.vignevasion-provence.com\/en\/wp-json\/wp\/v2\/categories?post=1105"},{"taxonomy":"post_tag","embeddable":true,"href":"https:\/\/www.vignevasion-provence.com\/en\/wp-json\/wp\/v2\/tags?post=1105"}],"curies":[{"name":"wp","href":"https:\/\/api.w.org\/{rel}","templated":true}]}}