{"id":1055,"date":"2025-05-25T10:00:56","date_gmt":"2025-05-25T08:00:56","guid":{"rendered":"https:\/\/www.vignevasion-provence.com\/?p=1055"},"modified":"2025-06-05T10:47:03","modified_gmt":"2025-06-05T08:47:03","slug":"lorganisation-de-seminaire","status":"publish","type":"post","link":"https:\/\/www.vignevasion-provence.com\/en\/lorganisation-de-seminaire\/","title":{"rendered":"L&rsquo;Organisation de S\u00e9minaire d&rsquo;Entreprise : Une Exp\u00e9rience Unique pour Vos \u00c9quipes"},"content":{"rendered":"<p dir=\"auto\">Dans un environnement professionnel en perp\u00e9tuelle mutation, il est crucial de renforcer la coh\u00e9sion d\u2019\u00e9quipe et de motiver les collaborateurs. L&rsquo;organisation de s\u00e9minaire se pr\u00e9sente comme une solution id\u00e9ale pour atteindre ces objectifs, permettant de f\u00e9d\u00e9rer les \u00e9quipes et de dynamiser l\u2019engagement.<\/p>\n<p dir=\"auto\">Quand l&rsquo;organisation de s\u00e9minaire se d\u00e9roule dans un cadre naturel, elle offre bien plus qu\u2019une simple r\u00e9union : elle devient une exp\u00e9rience enrichissante, m\u00ealant harmonieusement le professionnel et l\u2019humain. <a href=\"https:\/\/www.vignevasion-provence.com\/en\/\">Vign\u00e9vasion<\/a> vous accompagne dans cette aventure.<\/p>\n<h2 dir=\"auto\">Pourquoi l&rsquo;Organisation de S\u00e9minaire est-elle Essentielle ?<\/h2>\n<p dir=\"auto\"><a href=\"https:\/\/www.vignevasion-provence.com\/en\/seminaire-en-provence\/\">L&rsquo;organisation de s\u00e9minaire<\/a> ne se limite pas \u00e0 un simple changement de d\u00e9cor. C\u2019est une occasion strat\u00e9gique de sortir du cadre quotidien, de prendre du recul sur les projets en cours et de renforcer les dynamiques d\u2019\u00e9quipe.<\/p>\n<p dir=\"auto\">C\u2019est \u00e9galement l\u2019opportunit\u00e9 de renforcer les liens entre coll\u00e8gues, de partager une vision commune, d\u2019int\u00e9grer de nouveaux membres ou de c\u00e9l\u00e9brer les succ\u00e8s collectifs. Une organisation de s\u00e9minaire bien pens\u00e9e peut faciliter la r\u00e9solution de tensions, stimuler l\u2019innovation et redonner de l\u2019\u00e9nergie \u00e0 des \u00e9quipes en perte de vitesse.<\/p>\n<h2 dir=\"auto\">Comment R\u00e9ussir l&rsquo;Organisation de S\u00e9minaire ?<\/h2>\n<p dir=\"auto\">La cl\u00e9 d\u2019une organisation de s\u00e9minaire r\u00e9ussie r\u00e9side dans la coh\u00e9rence entre le contenu et la forme. Plut\u00f4t que des formats rigides ou des lieux impersonnels, un s\u00e9minaire marquant est une exp\u00e9rience soigneusement con\u00e7ue, refl\u00e9tant les valeurs de l\u2019entreprise et favorisant un climat de confiance et d\u2019\u00e9change.<\/p>\n<p dir=\"auto\">De plus en plus d\u2019entreprises optent pour une approche sur mesure dans l&rsquo;organisation de s\u00e9minaire, prenant en compte les objectifs de l\u2019\u00e9v\u00e9nement, l\u2019identit\u00e9 de l\u2019\u00e9quipe et l\u2019\u00e9nergie \u00e0 transmettre. L\u2019id\u00e9e est de construire une narration o\u00f9 les participants trouvent du sens et du lien.<\/p>\n<p dir=\"auto\">Le choix d\u2019un environnement d\u00e9paysant mais accessible peut faire toute la diff\u00e9rence. Certaines r\u00e9gions du sud de la France, par exemple, offrent un \u00e9quilibre parfait entre nature, culture et douceur de vivre, id\u00e9al pour renforcer l\u2019esprit d\u2019\u00e9quipe lors de l&rsquo;organisation de s\u00e9minaire.<\/p>\n<h2 dir=\"auto\">Des Activit\u00e9s M\u00e9morables<\/h2>\n<p dir=\"auto\">\nCe sont souvent les moments partag\u00e9s, simples mais authentiques, qui laissent la plus forte empreinte. Des ateliers sensoriels autour du vin, des rallyes gourmands dans des villages pittoresques, des escape games grandeur nature ou encore des balades en mer au coucher du soleil\u2026 autant d\u2019activit\u00e9s qui favorisent l\u2019interaction tout en \u00e9veillant les sens.<\/p>\n<p dir=\"auto\">Ces exp\u00e9riences, bien encadr\u00e9es, permettent de cr\u00e9er des souvenirs communs forts, valorisant les talents de chacun dans un cadre informel. Elles ajoutent une dimension \u00e9motionnelle essentielle \u00e0 l&rsquo;organisation de s\u00e9minaire, renfor\u00e7ant la coh\u00e9sion de groupe et cr\u00e9ant une dynamique positive durable.<\/p>\n<h2 dir=\"auto\">Un Ancrage Territorial Diff\u00e9renciant<\/h2>\n<p dir=\"auto\">L\u2019authenticit\u00e9 d\u2019un s\u00e9minaire passe aussi par le lieu o\u00f9 il se d\u00e9roule. Organiser son \u00e9v\u00e9nement dans une r\u00e9gion dot\u00e9e d\u2019une forte identit\u00e9 culturelle permet de rompre avec le quotidien et d\u2019offrir aux collaborateurs une immersion riche et inspirante.<\/p>\n<p dir=\"auto\">Certaines approches misent sur les ressources locales : artisans, producteurs, domaines viticoles, paysages pr\u00e9serv\u00e9s\u2026 Cela donne aux s\u00e9minaires une saveur particuli\u00e8re, loin des prestations standardis\u00e9es. Ce lien \u00e9troit avec le territoire garantit une exp\u00e9rience sinc\u00e8re, humaine et respectueuse du cadre dans lequel elle s\u2019inscrit, une qualit\u00e9 de plus en plus recherch\u00e9e dans l&rsquo;organisation de s\u00e9minaire.<\/p>\n<p dir=\"auto\">L&rsquo;organisation de s\u00e9minaire d\u2019entreprise est bien plus qu\u2019un simple \u00e9v\u00e9nement : c\u2019est une d\u00e9marche porteuse de sens, qui peut transformer en profondeur la dynamique de vos \u00e9quipes. Ces moments partag\u00e9s, loin du cadre habituel, permettent souvent de r\u00e9v\u00e9ler des talents, de renforcer la confiance et d\u2019ouvrir la voie \u00e0 de nouvelles synergies.<\/p>\n<p dir=\"auto\">Alors, pourquoi ne pas faire de votre prochaine organisation de s\u00e9minaire un temps fort de l\u2019ann\u00e9e, grav\u00e9 dans les m\u00e9moires ? Il suffit parfois d\u2019un cadre inspirant et d\u2019un moment bien pens\u00e9 pour cr\u00e9er un v\u00e9ritable d\u00e9clic collectif.<\/p>\n<figure id=\"attachment_952\" aria-describedby=\"caption-attachment-952\" style=\"width: 1440px\" class=\"wp-caption alignnone\"><img fetchpriority=\"high\" decoding=\"async\" class=\"size-full wp-image-952\" src=\"https:\/\/www.vignevasion-provence.com\/wp-content\/uploads\/2024\/11\/Degustation-grand-format-scaled.jpg\" alt=\"organisation de s\u00e9minaire\" width=\"1440\" height=\"2560\" srcset=\"https:\/\/www.vignevasion-provence.com\/wp-content\/uploads\/2024\/11\/Degustation-grand-format-scaled.jpg 1440w, https:\/\/www.vignevasion-provence.com\/wp-content\/uploads\/2024\/11\/Degustation-grand-format-169x300.jpg 169w, https:\/\/www.vignevasion-provence.com\/wp-content\/uploads\/2024\/11\/Degustation-grand-format-576x1024.jpg 576w, https:\/\/www.vignevasion-provence.com\/wp-content\/uploads\/2024\/11\/Degustation-grand-format-768x1365.jpg 768w, https:\/\/www.vignevasion-provence.com\/wp-content\/uploads\/2024\/11\/Degustation-grand-format-864x1536.jpg 864w, https:\/\/www.vignevasion-provence.com\/wp-content\/uploads\/2024\/11\/Degustation-grand-format-1152x2048.jpg 1152w, https:\/\/www.vignevasion-provence.com\/wp-content\/uploads\/2024\/11\/Degustation-grand-format-7x12.jpg 7w\" sizes=\"(max-width: 1440px) 100vw, 1440px\" \/><figcaption id=\"caption-attachment-952\" class=\"wp-caption-text\">organisation de s\u00e9minaire<\/figcaption><\/figure>\n<h2 dir=\"auto\">Choisissez Vign\u00e9vasion<\/h2>\n<p dir=\"auto\">L&rsquo;organisation de s\u00e9minaire est un investissement pr\u00e9cieux pour toute entreprise cherchant \u00e0 renforcer ses \u00e9quipes et \u00e0 cultiver un environnement de travail dynamique et innovant. En choisissant Vignevasion pour l&rsquo;organisation de votre s\u00e9minaire, vous optez pour une exp\u00e9rience unique et sur mesure dans la magnifique r\u00e9gion d&rsquo;Aix-Marseille. Notre expertise et notre connaissance approfondie du territoire nous permettent de cr\u00e9er des \u00e9v\u00e9nements qui non seulement r\u00e9pondent \u00e0 vos objectifs professionnels, mais qui laissent \u00e9galement une empreinte durable dans la m\u00e9moire de vos collaborateurs. Faites de votre prochain s\u00e9minaire un moment exceptionnel avec Vignevasion, o\u00f9 chaque d\u00e9tail est pens\u00e9 pour inspirer et f\u00e9d\u00e9rer vos \u00e9quipes.<\/p>","protected":false},"excerpt":{"rendered":"<p>Dans un environnement professionnel en perp\u00e9tuelle mutation, il est crucial de renforcer la coh\u00e9sion d\u2019\u00e9quipe et de motiver les collaborateurs. L&rsquo;organisation de s\u00e9minaire se pr\u00e9sente comme une solution id\u00e9ale pour atteindre ces objectifs, permettant de f\u00e9d\u00e9rer les \u00e9quipes et de dynamiser l\u2019engagement. Quand l&rsquo;organisation de s\u00e9minaire se d\u00e9roule dans un cadre naturel, elle offre bien [&hellip;]<\/p>\n","protected":false},"author":1,"featured_media":875,"comment_status":"closed","ping_status":"closed","sticky":false,"template":"","format":"standard","meta":{"footnotes":""},"categories":[18],"tags":[],"class_list":["post-1055","post","type-post","status-publish","format-standard","has-post-thumbnail","hentry","category-decouvrez-la-provence"],"_links":{"self":[{"href":"https:\/\/www.vignevasion-provence.com\/en\/wp-json\/wp\/v2\/posts\/1055","targetHints":{"allow":["GET"]}}],"collection":[{"href":"https:\/\/www.vignevasion-provence.com\/en\/wp-json\/wp\/v2\/posts"}],"about":[{"href":"https:\/\/www.vignevasion-provence.com\/en\/wp-json\/wp\/v2\/types\/post"}],"author":[{"embeddable":true,"href":"https:\/\/www.vignevasion-provence.com\/en\/wp-json\/wp\/v2\/users\/1"}],"replies":[{"embeddable":true,"href":"https:\/\/www.vignevasion-provence.com\/en\/wp-json\/wp\/v2\/comments?post=1055"}],"version-history":[{"count":0,"href":"https:\/\/www.vignevasion-provence.com\/en\/wp-json\/wp\/v2\/posts\/1055\/revisions"}],"wp:featuredmedia":[{"embeddable":true,"href":"https:\/\/www.vignevasion-provence.com\/en\/wp-json\/wp\/v2\/media\/875"}],"wp:attachment":[{"href":"https:\/\/www.vignevasion-provence.com\/en\/wp-json\/wp\/v2\/media?parent=1055"}],"wp:term":[{"taxonomy":"category","embeddable":true,"href":"https:\/\/www.vignevasion-provence.com\/en\/wp-json\/wp\/v2\/categories?post=1055"},{"taxonomy":"post_tag","embeddable":true,"href":"https:\/\/www.vignevasion-provence.com\/en\/wp-json\/wp\/v2\/tags?post=1055"}],"curies":[{"name":"wp","href":"https:\/\/api.w.org\/{rel}","templated":true}]}}