{"id":1035,"date":"2025-03-16T10:00:41","date_gmt":"2025-03-16T09:00:41","guid":{"rendered":"https:\/\/www.vignevasion-provence.com\/?p=1035"},"modified":"2025-04-08T11:22:26","modified_gmt":"2025-04-08T09:22:26","slug":"le-seminaire-dentreprise-organisation","status":"publish","type":"post","link":"https:\/\/www.vignevasion-provence.com\/en\/le-seminaire-dentreprise-organisation\/","title":{"rendered":"Le s\u00e9minaire d\u2019entreprise : un levier strat\u00e9gique et humain essentiel"},"content":{"rendered":"<p dir=\"auto\">Dans le monde professionnel, un s\u00e9minaire d\u2019entreprise d\u00e9passe largement le cadre d\u2019un simple \u00e9v\u00e9nement. Il s\u2019agit d\u2019un moment cl\u00e9 dans la vie d\u2019une organisation, permettant de f\u00e9d\u00e9rer les \u00e9quipes, de poser les bases de nouveaux projets ou encore de prendre un temps de r\u00e9flexion collectif. En offrant un cadre diff\u00e9rent du quotidien, le s\u00e9minaire devient un v\u00e9ritable outil strat\u00e9gique pour l\u2019entreprise, combinant efficacit\u00e9 et coh\u00e9sion.<\/p>\n<p dir=\"auto\">Dans cet article, nous allons explorer pourquoi organiser un s\u00e9minaire est crucial, comment en garantir la r\u00e9ussite, quelles activit\u00e9s peuvent venir enrichir cette exp\u00e9rience et pourquoi passer par une entreprise telle que <a href=\"https:\/\/www.vignevasion-provence.com\/en\/\">Vign\u00e9vasion<\/a> pour r\u00e9aliser le votre.<\/p>\n<h2 dir=\"auto\"><strong>Pourquoi organiser un s\u00e9minaire d\u2019entreprise ?<\/strong><\/h2>\n<p dir=\"auto\"><a href=\"https:\/\/www.vignevasion-provence.com\/en\/seminaire-en-provence\/\">Un s\u00e9minaire<\/a> n\u2019est pas une simple r\u00e9union d\u00e9localis\u00e9e. Il s\u2019agit d\u2019un moment de pause, de r\u00e9flexion et de connexion, qui peut apporter des b\u00e9n\u00e9fices sur de nombreux plans :<\/p>\n<ul>\n<li>\n<p dir=\"auto\"><strong>Renforcer la coh\u00e9sion d\u2019\u00e9quipe<\/strong> C&rsquo;est l\u2019occasion de sortir du cadre habituel et de cr\u00e9er des liens dans un environnement diff\u00e9rent. Ces moments partag\u00e9s renforcent le sentiment d\u2019appartenance \u00e0 un collectif et permettent de d\u00e9velopper une meilleure compr\u00e9hension entre coll\u00e8gues de travail.<\/p>\n<\/li>\n<li>\n<p dir=\"auto\"><strong>Communiquer une vision ou une strat\u00e9gie<\/strong> Que vous lanciez un nouveau produit, introduisiez une r\u00e9organisation ou fixiez les objectifs de l\u2019ann\u00e9e, cet \u00e9v\u00e9nement permet de transmettre un message cl\u00e9 dans un cadre propice \u00e0 l\u2019\u00e9coute et \u00e0 l\u2019\u00e9change.<\/p>\n<\/li>\n<li>\n<p dir=\"auto\"><strong>Stimuler la cr\u00e9ativit\u00e9 et l\u2019innovation<\/strong> Changer d\u2019environnement stimule souvent de nouvelles id\u00e9es. Dans un cadre diff\u00e9rent, les collaborateurs se montrent plus r\u00e9ceptifs et plus enclins \u00e0 sortir des sentiers battus.<\/p>\n<\/li>\n<li>\n<p dir=\"auto\"><strong>R\u00e9compenser les efforts des \u00e9quipes<\/strong> Organiser un s\u00e9minaire dans un cadre inspirant peut \u00e9galement \u00eatre per\u00e7u comme une reconnaissance envers les efforts des collaborateurs. Cela renforce leur motivation et leur engagement envers l\u2019entreprise.<\/p>\n<\/li>\n<\/ul>\n<h2 dir=\"auto\"><strong>Choisir le bon type de s\u00e9minaire pour votre \u00e9v\u00e9nement d\u2019entreprise<\/strong><\/h2>\n<p dir=\"auto\">Selon vos objectifs, le s\u00e9minaire peut prendre plusieurs formes :<\/p>\n<ul>\n<li><strong>Strat\u00e9gique<\/strong>\u00a0: centr\u00e9 sur des enjeux majeurs comme le lancement d\u2019un nouveau projet, l\u2019\u00e9laboration d\u2019une vision \u00e0 long terme ou l\u2019accompagnement d\u2019un changement organisationnel.<\/li>\n<li><strong>De formation<\/strong>\u00a0: destin\u00e9 \u00e0 transmettre des comp\u00e9tences sp\u00e9cifiques ou \u00e0 accompagner le d\u00e9veloppement professionnel des \u00e9quipes.<\/li>\n<li><strong>De coh\u00e9sion<\/strong>\u00a0: ax\u00e9 sur le renforcement des liens et la cr\u00e9ation d\u2019une dynamique collective, souvent combin\u00e9 \u00e0 des activit\u00e9s conviviales ou de team building.<\/li>\n<li><strong>Mixte<\/strong>\u00a0: qui combine plusieurs objectifs, par exemple une partie de travail suivie de moments de d\u00e9tente ou d\u2019activit\u00e9s ludiques.<\/li>\n<\/ul>\n<p dir=\"auto\">En fonction de vos besoins, vous pouvez personnaliser le format pour qu\u2019il r\u00e9ponde \u00e0 vos attentes et \u00e0 celles de vos collaborateurs.<\/p>\n<h2 dir=\"auto\"><strong>Comment organiser un s\u00e9minaire r\u00e9ussi ?<\/strong><\/h2>\n<p dir=\"auto\">Organiser un ce genre d&rsquo;\u00e9v\u00e9nement demande une planification minutieuse pour que l\u2019\u00e9v\u00e9nement atteigne pleinement ses objectifs. Voici les \u00e9tapes essentielles \u00e0 suivre :<\/p>\n<ol>\n<li>\n<p dir=\"auto\"><strong>D\u00e9finir vos objectifs<\/strong> Tout commence par une question simple : pourquoi organiser ce s\u00e9minaire ? Que souhaitez-vous accomplir ? Ces r\u00e9ponses guideront toutes vos d\u00e9cisions, du choix du lieu au contenu du programme.<\/p>\n<\/li>\n<li>\n<p dir=\"auto\"><strong>Choisir le bon lieu<\/strong> Le choix du lieu est d\u00e9terminant pour la r\u00e9ussite de votre s\u00e9minaire. Il doit correspondre \u00e0 vos besoins en termes de capacit\u00e9, d\u2019\u00e9quipements (salles de r\u00e9union, mat\u00e9riel technique) et de cadre (inspirant, d\u00e9paysant, accessible). Une retraite au vert dans un domaine viticole, un mas proven\u00e7al ou un h\u00f4tel avec vue sur la mer peut offrir un cadre id\u00e9al pour allier travail et d\u00e9tente.<\/p>\n<\/li>\n<li>\n<p dir=\"auto\"><strong>\u00c9laborer un programme \u00e9quilibr\u00e9<\/strong> Pour maintenir l\u2019attention et l\u2019engagement des participants, alternez entre des sessions de travail dynamiques et des pauses conviviales. Int\u00e9grez des temps de r\u00e9flexion collective, des ateliers interactifs ou encore des moments de discussion informelle.<\/p>\n<\/li>\n<li>\n<p dir=\"auto\"><strong>Penser \u00e0 la logistique<\/strong> Transport, h\u00e9bergement, restauration, \u00e9quipements techniques : une logistique bien rod\u00e9e est indispensable pour garantir une exp\u00e9rience fluide et agr\u00e9able pour tous les participants.<\/p>\n<\/li>\n<li>\n<p dir=\"auto\"><strong>Pr\u00e9voir des moments de d\u00e9tente et de convivialit\u00e9<\/strong> M\u00eame dans un s\u00e9minaire tr\u00e8s professionnel, les moments informels ou r\u00e9cr\u00e9atifs jouent un r\u00f4le cl\u00e9. Ils permettent de rel\u00e2cher la pression, de renforcer les liens et de rendre l\u2019exp\u00e9rience plus m\u00e9morable.<\/p>\n<\/li>\n<li>\n<p dir=\"auto\"><strong>Faire appel \u00e0 des professionnels<\/strong> L\u2019organisation d\u2019un s\u00e9minaire peut \u00eatre complexe : recherche des lieux, contact avec les prestataires, logistique le jour J\u2026 Le plus simple pour vous reste de d\u00e9l\u00e9guer votre s\u00e9minaire \u00e0 une agence professionnelle qui s\u2019occupera de tout de A \u00e0 Z.<\/p>\n<\/li>\n<\/ol>\n<p><img fetchpriority=\"high\" decoding=\"async\" class=\"alignnone size-full wp-image-875\" src=\"https:\/\/www.vignevasion-provence.com\/wp-content\/uploads\/2024\/12\/soiree-blanche.jpg\" alt=\"s\u00e9minaire d'entreprise r\u00e9ussi\" width=\"960\" height=\"540\" srcset=\"https:\/\/www.vignevasion-provence.com\/wp-content\/uploads\/2024\/12\/soiree-blanche.jpg 960w, https:\/\/www.vignevasion-provence.com\/wp-content\/uploads\/2024\/12\/soiree-blanche-300x169.jpg 300w, https:\/\/www.vignevasion-provence.com\/wp-content\/uploads\/2024\/12\/soiree-blanche-768x432.jpg 768w, https:\/\/www.vignevasion-provence.com\/wp-content\/uploads\/2024\/12\/soiree-blanche-18x10.jpg 18w\" sizes=\"(max-width: 960px) 100vw, 960px\" \/><\/p>\n<h2 dir=\"auto\"><strong>Quelles activit\u00e9s int\u00e9grer \u00e0 un s\u00e9minaire ?<\/strong><\/h2>\n<p dir=\"auto\">Pour rendre votre s\u00e9minaire plus engageant, l\u2019int\u00e9gration d\u2019activit\u00e9s compl\u00e9mentaires est un excellent moyen de dynamiser vos \u00e9quipes et de renforcer leur coh\u00e9sion. Voici quelques id\u00e9es adapt\u00e9es \u00e0 diff\u00e9rents objectifs :<\/p>\n<ul>\n<li><strong>D\u00e9couvertes culturelles ou locales<\/strong>\u00a0: Visites guid\u00e9es, d\u00e9gustations de produits locaux, ou exploration de sites embl\u00e9matiques de la r\u00e9gion.<\/li>\n<li><strong>Activit\u00e9s sportives ou nature<\/strong>\u00a0: Randonn\u00e9es, cano\u00eb ou parcours d\u2019aventure pour se reconnecter \u00e0 l\u2019environnement.<\/li>\n<li><strong>Animations ludiques et immersives<\/strong>\u00a0: Escape game, jeux de r\u00f4le ou raid aventure qui favorisent la coop\u00e9ration et la communication.<\/li>\n<\/ul>\n<p dir=\"auto\">Ces moments offrent une vraie valeur ajout\u00e9e \u00e0 votre s\u00e9minaire et permettent de marquer durablement les esprits des participants.<\/p>\n<h2 dir=\"auto\"><strong>Les b\u00e9n\u00e9fices d\u2019un s\u00e9minaire \u00e0 long terme<\/strong><\/h2>\n<p dir=\"auto\">Un s\u00e9minaire bien con\u00e7u ne se limite pas \u00e0 son d\u00e9roul\u00e9. Il laisse des traces durables sur les collaborateurs et l\u2019organisation. Parmi les b\u00e9n\u00e9fices les plus notables :<\/p>\n<ul>\n<li>Une meilleure compr\u00e9hension des objectifs communs ;<\/li>\n<li>Des \u00e9quipes plus motiv\u00e9es et engag\u00e9es ;<\/li>\n<li>Des relations interpersonnelles renforc\u00e9es ;<\/li>\n<li>Une vision strat\u00e9gique clarifi\u00e9e pour tous les participants.<\/li>\n<\/ul>\n<p dir=\"auto\">Investir dans un s\u00e9minaire, c\u2019est avant tout investir dans le capital humain de l\u2019entreprise. C\u2019est une opportunit\u00e9 de transformer des moments de travail en leviers pour l\u2019efficacit\u00e9 collective et la r\u00e9ussite individuelle.<\/p>\n<h2 dir=\"auto\"><strong>Un s\u00e9minaire, bien plus qu\u2019un \u00e9v\u00e9nement<\/strong><\/h2>\n<p dir=\"auto\">En conclusion, un s\u00e9minaire d\u2019entreprise repr\u00e9sente une opportunit\u00e9 unique de f\u00e9d\u00e9rer vos \u00e9quipes, de renforcer leur motivation et d\u2019aligner vos objectifs strat\u00e9giques. En alliant r\u00e9flexion, travail et convivialit\u00e9, il devient un outil puissant pour faire progresser votre organisation sur le long terme.<\/p>\n<p dir=\"auto\">Vous souhaitez marquer les esprits ? Prenez le temps de construire un s\u00e9minaire adapt\u00e9 \u00e0 vos besoins et offrez \u00e0 vos collaborateurs une exp\u00e9rience enrichissante, qui restera grav\u00e9e dans les m\u00e9moires.<\/p>","protected":false},"excerpt":{"rendered":"<p>Dans le monde professionnel, un s\u00e9minaire d\u2019entreprise d\u00e9passe largement le cadre d\u2019un simple \u00e9v\u00e9nement. Il s\u2019agit d\u2019un moment cl\u00e9 dans la vie d\u2019une organisation, permettant de f\u00e9d\u00e9rer les \u00e9quipes, de poser les bases de nouveaux projets ou encore de prendre un temps de r\u00e9flexion collectif. En offrant un cadre diff\u00e9rent du quotidien, le s\u00e9minaire devient [&hellip;]<\/p>\n","protected":false},"author":1,"featured_media":882,"comment_status":"closed","ping_status":"closed","sticky":false,"template":"","format":"standard","meta":{"footnotes":""},"categories":[22],"tags":[],"class_list":["post-1035","post","type-post","status-publish","format-standard","has-post-thumbnail","hentry","category-rse"],"_links":{"self":[{"href":"https:\/\/www.vignevasion-provence.com\/en\/wp-json\/wp\/v2\/posts\/1035","targetHints":{"allow":["GET"]}}],"collection":[{"href":"https:\/\/www.vignevasion-provence.com\/en\/wp-json\/wp\/v2\/posts"}],"about":[{"href":"https:\/\/www.vignevasion-provence.com\/en\/wp-json\/wp\/v2\/types\/post"}],"author":[{"embeddable":true,"href":"https:\/\/www.vignevasion-provence.com\/en\/wp-json\/wp\/v2\/users\/1"}],"replies":[{"embeddable":true,"href":"https:\/\/www.vignevasion-provence.com\/en\/wp-json\/wp\/v2\/comments?post=1035"}],"version-history":[{"count":0,"href":"https:\/\/www.vignevasion-provence.com\/en\/wp-json\/wp\/v2\/posts\/1035\/revisions"}],"wp:featuredmedia":[{"embeddable":true,"href":"https:\/\/www.vignevasion-provence.com\/en\/wp-json\/wp\/v2\/media\/882"}],"wp:attachment":[{"href":"https:\/\/www.vignevasion-provence.com\/en\/wp-json\/wp\/v2\/media?parent=1035"}],"wp:term":[{"taxonomy":"category","embeddable":true,"href":"https:\/\/www.vignevasion-provence.com\/en\/wp-json\/wp\/v2\/categories?post=1035"},{"taxonomy":"post_tag","embeddable":true,"href":"https:\/\/www.vignevasion-provence.com\/en\/wp-json\/wp\/v2\/tags?post=1035"}],"curies":[{"name":"wp","href":"https:\/\/api.w.org\/{rel}","templated":true}]}}